{"id":2377,"date":"2023-05-11T10:09:21","date_gmt":"2023-05-11T10:09:21","guid":{"rendered":"https:\/\/server.ecoledessables.org\/?p=2377"},"modified":"2024-01-12T13:31:36","modified_gmt":"2024-01-12T13:31:36","slug":"nos-alumnus-les-sablistes","status":"publish","type":"post","link":"https:\/\/ecoledessables.org\/en\/nos-alumnus-les-sablistes\/","title":{"rendered":"Nos alumnus (les sablistes)"},"content":{"rendered":"<div data-elementor-type=\"wp-post\" data-elementor-id=\"2377\" class=\"elementor elementor-2377\" data-elementor-post-type=\"post\">\n\t\t\t\t\t\t<section class=\"elementor-section elementor-top-section elementor-element elementor-element-5f1eabd4 elementor-section-full_width elementor-section-height-default elementor-section-height-default\" data-id=\"5f1eabd4\" data-element_type=\"section\" data-e-type=\"section\" data-settings=\"{&quot;background_background&quot;:&quot;classic&quot;}\">\n\t\t\t\t\t\t<div class=\"elementor-container elementor-column-gap-default\">\n\t\t\t\t\t<div class=\"elementor-column elementor-col-100 elementor-top-column elementor-element elementor-element-79e4d1f7\" data-id=\"79e4d1f7\" data-element_type=\"column\" data-e-type=\"column\" data-settings=\"{&quot;background_background&quot;:&quot;classic&quot;}\">\n\t\t\t<div class=\"elementor-widget-wrap\">\n\t\t\t\t\t\t\t<\/div>\n\t\t<\/div>\n\t\t\t\t\t<\/div>\n\t\t<\/section>\n\t\t\t\t<section class=\"elementor-section elementor-top-section elementor-element elementor-element-2a37baf0 elementor-section-full_width elementor-section-height-default elementor-section-height-default\" data-id=\"2a37baf0\" data-element_type=\"section\" data-e-type=\"section\">\n\t\t\t\t\t\t<div class=\"elementor-container elementor-column-gap-default\">\n\t\t\t\t\t<div class=\"elementor-column elementor-col-50 elementor-top-column elementor-element elementor-element-7012aff0\" data-id=\"7012aff0\" data-element_type=\"column\" data-e-type=\"column\">\n\t\t\t<div class=\"elementor-widget-wrap elementor-element-populated\">\n\t\t\t\t\t\t<div class=\"elementor-element elementor-element-533d47f3 elementor-widget elementor-widget-heading\" data-id=\"533d47f3\" data-element_type=\"widget\" data-e-type=\"widget\" data-widget_type=\"heading.default\">\n\t\t\t\t<div class=\"elementor-widget-container\">\n\t\t\t\t\t<h2 class=\"elementor-heading-title elementor-size-default\">Nos alumnus (les sablistes)<\/h2>\t\t\t\t<\/div>\n\t\t\t\t<\/div>\n\t\t\t\t\t<\/div>\n\t\t<\/div>\n\t\t\t\t<div class=\"elementor-column elementor-col-50 elementor-top-column elementor-element elementor-element-36547267\" data-id=\"36547267\" data-element_type=\"column\" data-e-type=\"column\">\n\t\t\t<div class=\"elementor-widget-wrap elementor-element-populated\">\n\t\t\t\t\t\t<div class=\"elementor-element elementor-element-46cd4cbe elementor-widget__width-initial elementor-widget elementor-widget-text-editor\" data-id=\"46cd4cbe\" data-element_type=\"widget\" data-e-type=\"widget\" data-widget_type=\"text-editor.default\">\n\t\t\t\t<div class=\"elementor-widget-container\">\n\t\t\t\t\t\t\t\t\tLes Sablistes sont d\u2019 anciens \u00e9l\u00e8ves de l&rsquo;\u00c9cole des Sables, qui ont suivi un programme de formation de 3 mois minimum ou plus \u00e0 l&rsquo;\u00c9cole des Sables, et qui ont obtenu soit un Dipl\u00f4me de transmission de la Technique Acogny, soit un Dipl\u00f4me de danses traditionnelles et contemporaines en Afrique.\r\nUne chose est s\u00fbre, ils ont \u00ab\u00a0mang\u00e9\u00a0\u00bb le sable d&rsquo;Aloopho !\r\nJusqu\u2019\u00e0 aujourd\u2019hui nous comptons xxx sablistes de tous les continents\t\t\t\t\t\t\t\t<\/div>\n\t\t\t\t<\/div>\n\t\t\t\t\t<\/div>\n\t\t<\/div>\n\t\t\t\t\t<\/div>\n\t\t<\/section>\n\t\t\t\t<section class=\"elementor-section elementor-top-section elementor-element elementor-element-43379741 elementor-section-full_width elementor-hidden-desktop elementor-hidden-tablet elementor-section-height-default elementor-section-height-default\" data-id=\"43379741\" data-element_type=\"section\" data-e-type=\"section\">\n\t\t\t\t\t\t<div class=\"elementor-container elementor-column-gap-default\">\n\t\t\t\t\t<div class=\"elementor-column elementor-col-100 elementor-top-column elementor-element elementor-element-22c281c2\" data-id=\"22c281c2\" data-element_type=\"column\" data-e-type=\"column\">\n\t\t\t<div class=\"elementor-widget-wrap elementor-element-populated\">\n\t\t\t\t\t\t<div class=\"elementor-element elementor-element-43caa1a7 elementor-widget elementor-widget-spacer\" data-id=\"43caa1a7\" data-element_type=\"widget\" data-e-type=\"widget\" data-widget_type=\"spacer.default\">\n\t\t\t\t<div class=\"elementor-widget-container\">\n\t\t\t\t\t\t\t<div class=\"elementor-spacer\">\n\t\t\t<div class=\"elementor-spacer-inner\"><\/div>\n\t\t<\/div>\n\t\t\t\t\t\t<\/div>\n\t\t\t\t<\/div>\n\t\t\t\t<div class=\"elementor-element elementor-element-485bbdb6 elementor-widget elementor-widget-heading\" data-id=\"485bbdb6\" data-element_type=\"widget\" data-e-type=\"widget\" data-widget_type=\"heading.default\">\n\t\t\t\t<div class=\"elementor-widget-container\">\n\t\t\t\t\t<h2 class=\"elementor-heading-title elementor-size-default\">Photo gallery<\/h2>\t\t\t\t<\/div>\n\t\t\t\t<\/div>\n\t\t\t\t\t<\/div>\n\t\t<\/div>\n\t\t\t\t\t<\/div>\n\t\t<\/section>\n\t\t\t\t<section class=\"elementor-section elementor-top-section elementor-element elementor-element-7b74dc62 elementor-section-full_width elementor-section-height-default elementor-section-height-default\" data-id=\"7b74dc62\" data-element_type=\"section\" data-e-type=\"section\">\n\t\t\t\t\t\t<div class=\"elementor-container elementor-column-gap-default\">\n\t\t\t\t\t<div class=\"elementor-column elementor-col-50 elementor-top-column elementor-element elementor-element-55a80b4f\" data-id=\"55a80b4f\" data-element_type=\"column\" data-e-type=\"column\">\n\t\t\t<div class=\"elementor-widget-wrap elementor-element-populated\">\n\t\t\t\t\t\t<div class=\"elementor-element elementor-element-7b8be27a gallery-spacing-custom elementor-widget elementor-widget-image-gallery\" data-id=\"7b8be27a\" data-element_type=\"widget\" data-e-type=\"widget\" data-widget_type=\"image-gallery.default\">\n\t\t\t\t<div class=\"elementor-widget-container\">\n\t\t\t\t\t\t\t<div class=\"elementor-image-gallery\">\n\t\t\t<div id='gallery-1' class='gallery galleryid-2377 gallery-columns-3 gallery-size-full'><figure class='gallery-item'>\n\t\t\t<div class='gallery-icon landscape'>\n\t\t\t\t<a data-elementor-open-lightbox=\"yes\" data-elementor-lightbox-slideshow=\"7b8be27a\" data-elementor-lightbox-title=\"PARTS _ ECOLE DES SABLES, by Cruzz Taylor-63\" data-e-action-hash=\"#elementor-action%3Aaction%3Dlightbox%26settings%3DeyJpZCI6ODMsInVybCI6Imh0dHBzOlwvXC9lY29sZWRlc3NhYmxlcy5vcmdcL3dwLWNvbnRlbnRcL3VwbG9hZHNcLzIwMjNcLzA0XC9QQVJUUy1fLUVDT0xFLURFUy1TQUJMRVMtYnktQ3J1enotVGF5bG9yLTYzLXNjYWxlZC53ZWJwIiwic2xpZGVzaG93IjoiN2I4YmUyN2EifQ%3D%3D\" href='https:\/\/ecoledessables.org\/wp-content\/uploads\/2023\/04\/PARTS-_-ECOLE-DES-SABLES-by-Cruzz-Taylor-63-scaled.webp'><img fetchpriority=\"high\" decoding=\"async\" width=\"1920\" height=\"1280\" src=\"https:\/\/ecoledessables.org\/wp-content\/uploads\/2023\/04\/PARTS-_-ECOLE-DES-SABLES-by-Cruzz-Taylor-63-scaled.webp\" class=\"attachment-full size-full\" alt=\"\" srcset=\"https:\/\/ecoledessables.org\/wp-content\/uploads\/2023\/04\/PARTS-_-ECOLE-DES-SABLES-by-Cruzz-Taylor-63-scaled.webp 1920w, https:\/\/ecoledessables.org\/wp-content\/uploads\/2023\/04\/PARTS-_-ECOLE-DES-SABLES-by-Cruzz-Taylor-63-300x200.webp 300w, https:\/\/ecoledessables.org\/wp-content\/uploads\/2023\/04\/PARTS-_-ECOLE-DES-SABLES-by-Cruzz-Taylor-63-1024x683.webp 1024w, https:\/\/ecoledessables.org\/wp-content\/uploads\/2023\/04\/PARTS-_-ECOLE-DES-SABLES-by-Cruzz-Taylor-63-768x512.webp 768w, https:\/\/ecoledessables.org\/wp-content\/uploads\/2023\/04\/PARTS-_-ECOLE-DES-SABLES-by-Cruzz-Taylor-63-1536x1024.webp 1536w\" sizes=\"(max-width: 1920px) 100vw, 1920px\" \/><\/a>\n\t\t\t<\/div><\/figure><figure class='gallery-item'>\n\t\t\t<div class='gallery-icon landscape'>\n\t\t\t\t<a data-elementor-open-lightbox=\"yes\" data-elementor-lightbox-slideshow=\"7b8be27a\" data-elementor-lightbox-title=\"Ecole des Sables - Stage International 2021 - Photo ASPT_Dancing_01\" data-e-action-hash=\"#elementor-action%3Aaction%3Dlightbox%26settings%3DeyJpZCI6MTEyLCJ1cmwiOiJodHRwczpcL1wvZWNvbGVkZXNzYWJsZXMub3JnXC93cC1jb250ZW50XC91cGxvYWRzXC8yMDIzXC8wNFwvRWNvbGUtZGVzLVNhYmxlcy1TdGFnZS1JbnRlcm5hdGlvbmFsLTIwMjEtUGhvdG8tQVNQVF9EYW5jaW5nXzAxLXNjYWxlZC53ZWJwIiwic2xpZGVzaG93IjoiN2I4YmUyN2EifQ%3D%3D\" href='https:\/\/ecoledessables.org\/wp-content\/uploads\/2023\/04\/Ecole-des-Sables-Stage-International-2021-Photo-ASPT_Dancing_01-scaled.webp'><img decoding=\"async\" width=\"1920\" height=\"1282\" src=\"https:\/\/ecoledessables.org\/wp-content\/uploads\/2023\/04\/Ecole-des-Sables-Stage-International-2021-Photo-ASPT_Dancing_01-scaled.webp\" class=\"attachment-full size-full\" alt=\"\" srcset=\"https:\/\/ecoledessables.org\/wp-content\/uploads\/2023\/04\/Ecole-des-Sables-Stage-International-2021-Photo-ASPT_Dancing_01-scaled.webp 1920w, https:\/\/ecoledessables.org\/wp-content\/uploads\/2023\/04\/Ecole-des-Sables-Stage-International-2021-Photo-ASPT_Dancing_01-300x200.webp 300w, https:\/\/ecoledessables.org\/wp-content\/uploads\/2023\/04\/Ecole-des-Sables-Stage-International-2021-Photo-ASPT_Dancing_01-1024x683.webp 1024w, https:\/\/ecoledessables.org\/wp-content\/uploads\/2023\/04\/Ecole-des-Sables-Stage-International-2021-Photo-ASPT_Dancing_01-768x513.webp 768w, https:\/\/ecoledessables.org\/wp-content\/uploads\/2023\/04\/Ecole-des-Sables-Stage-International-2021-Photo-ASPT_Dancing_01-1536x1025.webp 1536w\" sizes=\"(max-width: 1920px) 100vw, 1920px\" \/><\/a>\n\t\t\t<\/div><\/figure><figure class='gallery-item'>\n\t\t\t<div class='gallery-icon landscape'>\n\t\t\t\t<a data-elementor-open-lightbox=\"yes\" data-elementor-lightbox-slideshow=\"7b8be27a\" data-elementor-lightbox-title=\"Ecole des Sables - Stage International 2021 - Photo ASPT_Dancing_05\" data-e-action-hash=\"#elementor-action%3Aaction%3Dlightbox%26settings%3DeyJpZCI6MTEzLCJ1cmwiOiJodHRwczpcL1wvZWNvbGVkZXNzYWJsZXMub3JnXC93cC1jb250ZW50XC91cGxvYWRzXC8yMDIzXC8wNFwvRWNvbGUtZGVzLVNhYmxlcy1TdGFnZS1JbnRlcm5hdGlvbmFsLTIwMjEtUGhvdG8tQVNQVF9EYW5jaW5nXzA1LXNjYWxlZC53ZWJwIiwic2xpZGVzaG93IjoiN2I4YmUyN2EifQ%3D%3D\" href='https:\/\/ecoledessables.org\/wp-content\/uploads\/2023\/04\/Ecole-des-Sables-Stage-International-2021-Photo-ASPT_Dancing_05-scaled.webp'><img decoding=\"async\" width=\"1920\" height=\"1282\" src=\"https:\/\/ecoledessables.org\/wp-content\/uploads\/2023\/04\/Ecole-des-Sables-Stage-International-2021-Photo-ASPT_Dancing_05-scaled.webp\" class=\"attachment-full size-full\" alt=\"\" srcset=\"https:\/\/ecoledessables.org\/wp-content\/uploads\/2023\/04\/Ecole-des-Sables-Stage-International-2021-Photo-ASPT_Dancing_05-scaled.webp 1920w, https:\/\/ecoledessables.org\/wp-content\/uploads\/2023\/04\/Ecole-des-Sables-Stage-International-2021-Photo-ASPT_Dancing_05-300x200.webp 300w, https:\/\/ecoledessables.org\/wp-content\/uploads\/2023\/04\/Ecole-des-Sables-Stage-International-2021-Photo-ASPT_Dancing_05-1024x683.webp 1024w, https:\/\/ecoledessables.org\/wp-content\/uploads\/2023\/04\/Ecole-des-Sables-Stage-International-2021-Photo-ASPT_Dancing_05-768x513.webp 768w, https:\/\/ecoledessables.org\/wp-content\/uploads\/2023\/04\/Ecole-des-Sables-Stage-International-2021-Photo-ASPT_Dancing_05-1536x1025.webp 1536w\" sizes=\"(max-width: 1920px) 100vw, 1920px\" \/><\/a>\n\t\t\t<\/div><\/figure><figure class='gallery-item'>\n\t\t\t<div class='gallery-icon landscape'>\n\t\t\t\t<a data-elementor-open-lightbox=\"yes\" data-elementor-lightbox-slideshow=\"7b8be27a\" data-elementor-lightbox-title=\"PARTS _ ECOLE DES SABLES, by Cruzz Taylor-29\" data-e-action-hash=\"#elementor-action%3Aaction%3Dlightbox%26settings%3DeyJpZCI6NzcsInVybCI6Imh0dHBzOlwvXC9lY29sZWRlc3NhYmxlcy5vcmdcL3dwLWNvbnRlbnRcL3VwbG9hZHNcLzIwMjNcLzA0XC9QQVJUUy1fLUVDT0xFLURFUy1TQUJMRVMtYnktQ3J1enotVGF5bG9yLTI5LXNjYWxlZC53ZWJwIiwic2xpZGVzaG93IjoiN2I4YmUyN2EifQ%3D%3D\" href='https:\/\/ecoledessables.org\/wp-content\/uploads\/2023\/04\/PARTS-_-ECOLE-DES-SABLES-by-Cruzz-Taylor-29-scaled.webp'><img loading=\"lazy\" decoding=\"async\" width=\"1920\" height=\"1280\" src=\"https:\/\/ecoledessables.org\/wp-content\/uploads\/2023\/04\/PARTS-_-ECOLE-DES-SABLES-by-Cruzz-Taylor-29-scaled.webp\" class=\"attachment-full size-full\" alt=\"\" srcset=\"https:\/\/ecoledessables.org\/wp-content\/uploads\/2023\/04\/PARTS-_-ECOLE-DES-SABLES-by-Cruzz-Taylor-29-scaled.webp 1920w, https:\/\/ecoledessables.org\/wp-content\/uploads\/2023\/04\/PARTS-_-ECOLE-DES-SABLES-by-Cruzz-Taylor-29-300x200.webp 300w, https:\/\/ecoledessables.org\/wp-content\/uploads\/2023\/04\/PARTS-_-ECOLE-DES-SABLES-by-Cruzz-Taylor-29-1024x683.webp 1024w, https:\/\/ecoledessables.org\/wp-content\/uploads\/2023\/04\/PARTS-_-ECOLE-DES-SABLES-by-Cruzz-Taylor-29-768x512.webp 768w, https:\/\/ecoledessables.org\/wp-content\/uploads\/2023\/04\/PARTS-_-ECOLE-DES-SABLES-by-Cruzz-Taylor-29-1536x1024.webp 1536w\" sizes=\"(max-width: 1920px) 100vw, 1920px\" \/><\/a>\n\t\t\t<\/div><\/figure><figure class='gallery-item'>\n\t\t\t<div class='gallery-icon landscape'>\n\t\t\t\t<a data-elementor-open-lightbox=\"yes\" data-elementor-lightbox-slideshow=\"7b8be27a\" data-elementor-lightbox-title=\"Ecole des Sables - Stage International 2021 - Photo ASPT_Dancing_13\" data-e-action-hash=\"#elementor-action%3Aaction%3Dlightbox%26settings%3DeyJpZCI6MTAxLCJ1cmwiOiJodHRwczpcL1wvZWNvbGVkZXNzYWJsZXMub3JnXC93cC1jb250ZW50XC91cGxvYWRzXC8yMDIzXC8wNFwvRWNvbGUtZGVzLVNhYmxlcy1TdGFnZS1JbnRlcm5hdGlvbmFsLTIwMjEtUGhvdG8tQVNQVF9EYW5jaW5nXzEzLXNjYWxlZC53ZWJwIiwic2xpZGVzaG93IjoiN2I4YmUyN2EifQ%3D%3D\" href='https:\/\/ecoledessables.org\/wp-content\/uploads\/2023\/04\/Ecole-des-Sables-Stage-International-2021-Photo-ASPT_Dancing_13-scaled.webp'><img loading=\"lazy\" decoding=\"async\" width=\"1920\" height=\"1282\" src=\"https:\/\/ecoledessables.org\/wp-content\/uploads\/2023\/04\/Ecole-des-Sables-Stage-International-2021-Photo-ASPT_Dancing_13-scaled.webp\" class=\"attachment-full size-full\" alt=\"\" srcset=\"https:\/\/ecoledessables.org\/wp-content\/uploads\/2023\/04\/Ecole-des-Sables-Stage-International-2021-Photo-ASPT_Dancing_13-scaled.webp 1920w, https:\/\/ecoledessables.org\/wp-content\/uploads\/2023\/04\/Ecole-des-Sables-Stage-International-2021-Photo-ASPT_Dancing_13-300x200.webp 300w, https:\/\/ecoledessables.org\/wp-content\/uploads\/2023\/04\/Ecole-des-Sables-Stage-International-2021-Photo-ASPT_Dancing_13-1024x683.webp 1024w, https:\/\/ecoledessables.org\/wp-content\/uploads\/2023\/04\/Ecole-des-Sables-Stage-International-2021-Photo-ASPT_Dancing_13-768x513.webp 768w, https:\/\/ecoledessables.org\/wp-content\/uploads\/2023\/04\/Ecole-des-Sables-Stage-International-2021-Photo-ASPT_Dancing_13-1536x1025.webp 1536w\" sizes=\"(max-width: 1920px) 100vw, 1920px\" \/><\/a>\n\t\t\t<\/div><\/figure>\n\t\t<\/div>\n\t\t<\/div>\n\t\t\t\t\t\t<\/div>\n\t\t\t\t<\/div>\n\t\t\t\t\t<\/div>\n\t\t<\/div>\n\t\t\t\t<div class=\"elementor-column elementor-col-50 elementor-top-column elementor-element elementor-element-64d9a97c elementor-hidden-mobile\" data-id=\"64d9a97c\" data-element_type=\"column\" data-e-type=\"column\">\n\t\t\t<div class=\"elementor-widget-wrap elementor-element-populated\">\n\t\t\t\t\t\t<div class=\"elementor-element elementor-element-2e547522 elementor-widget__width-initial elementor-hidden-mobile elementor-widget elementor-widget-heading\" data-id=\"2e547522\" data-element_type=\"widget\" data-e-type=\"widget\" data-widget_type=\"heading.default\">\n\t\t\t\t<div class=\"elementor-widget-container\">\n\t\t\t\t\t<h2 class=\"elementor-heading-title elementor-size-default\">Photo gallery<\/h2>\t\t\t\t<\/div>\n\t\t\t\t<\/div>\n\t\t\t\t\t<\/div>\n\t\t<\/div>\n\t\t\t\t\t<\/div>\n\t\t<\/section>\n\t\t\t\t<section class=\"elementor-section elementor-top-section elementor-element elementor-element-6e2d6ecb elementor-section-full_width elementor-section-height-default elementor-section-height-default\" data-id=\"6e2d6ecb\" data-element_type=\"section\" data-e-type=\"section\">\n\t\t\t\t\t\t<div class=\"elementor-container elementor-column-gap-default\">\n\t\t\t\t\t<div class=\"elementor-column elementor-col-100 elementor-top-column elementor-element elementor-element-5cce92cc\" data-id=\"5cce92cc\" data-element_type=\"column\" data-e-type=\"column\">\n\t\t\t<div class=\"elementor-widget-wrap elementor-element-populated\">\n\t\t\t\t\t\t<div class=\"elementor-element elementor-element-44027293 elementor-widget-divider--view-line elementor-widget elementor-widget-divider\" data-id=\"44027293\" data-element_type=\"widget\" data-e-type=\"widget\" data-widget_type=\"divider.default\">\n\t\t\t\t<div class=\"elementor-widget-container\">\n\t\t\t\t\t\t\t<div class=\"elementor-divider\">\n\t\t\t<span class=\"elementor-divider-separator\">\n\t\t\t\t\t\t<\/span>\n\t\t<\/div>\n\t\t\t\t\t\t<\/div>\n\t\t\t\t<\/div>\n\t\t\t\t\t<\/div>\n\t\t<\/div>\n\t\t\t\t\t<\/div>\n\t\t<\/section>\n\t\t\t\t<\/div>","protected":false},"excerpt":{"rendered":"<p>Galerie photos Galerie photos Nos alumnus (les sablistes) Compagnie JANT-BI II Compagnie JANT-BI Germaine Acogny<\/p>","protected":false},"author":2,"featured_media":64,"comment_status":"open","ping_status":"open","sticky":false,"template":"elementor_header_footer","format":"standard","meta":{"_acf_changed":false,"give_campaign_id":0,"footnotes":""},"categories":[1],"tags":[],"class_list":["post-2377","post","type-post","status-publish","format-standard","has-post-thumbnail","hentry","category-uncategorized"],"acf":[],"yoast_head":"<!-- This site is optimized with the Yoast SEO plugin v27.5 - https:\/\/yoast.com\/product\/yoast-seo-wordpress\/ -->\n<title>Nos alumnus (les sablistes) - \u00c9cole des Sables<\/title>\n<meta name=\"robots\" content=\"index, follow, max-snippet:-1, max-image-preview:large, max-video-preview:-1\" \/>\n<link rel=\"canonical\" href=\"https:\/\/ecoledessables.org\/en\/nos-alumnus-les-sablistes\/\" \/>\n<meta property=\"og:locale\" content=\"en_GB\" \/>\n<meta property=\"og:type\" content=\"article\" \/>\n<meta property=\"og:title\" content=\"Nos alumnus (les sablistes) - \u00c9cole des Sables\" \/>\n<meta property=\"og:description\" content=\"Galerie photos Galerie photos Nos alumnus (les sablistes) Compagnie JANT-BI II Compagnie JANT-BI Germaine Acogny\" \/>\n<meta property=\"og:url\" content=\"https:\/\/ecoledessables.org\/en\/nos-alumnus-les-sablistes\/\" \/>\n<meta property=\"og:site_name\" content=\"\u00c9cole des Sables\" \/>\n<meta property=\"article:published_time\" content=\"2023-05-11T10:09:21+00:00\" \/>\n<meta property=\"article:modified_time\" content=\"2024-01-12T13:31:36+00:00\" \/>\n<meta property=\"og:image\" content=\"https:\/\/ecoledessables.org\/wp-content\/uploads\/2023\/04\/12.webp\" \/>\n\t<meta property=\"og:image:width\" content=\"1200\" \/>\n\t<meta property=\"og:image:height\" content=\"801\" \/>\n\t<meta property=\"og:image:type\" content=\"image\/webp\" \/>\n<meta name=\"author\" content=\"Vifon Du\" \/>\n<meta name=\"twitter:card\" content=\"summary_large_image\" \/>\n<meta name=\"twitter:label1\" content=\"Written by\" \/>\n\t<meta name=\"twitter:data1\" content=\"Vifon Du\" \/>\n\t<meta name=\"twitter:label2\" content=\"Estimated reading time\" \/>\n\t<meta name=\"twitter:data2\" content=\"2 minutes\" \/>\n<script type=\"application\/ld+json\" class=\"yoast-schema-graph\">{\"@context\":\"https:\\\/\\\/schema.org\",\"@graph\":[{\"@type\":\"Article\",\"@id\":\"https:\\\/\\\/ecoledessables.org\\\/nos-alumnus-les-sablistes\\\/#article\",\"isPartOf\":{\"@id\":\"https:\\\/\\\/ecoledessables.org\\\/nos-alumnus-les-sablistes\\\/\"},\"author\":{\"name\":\"Vifon Du\",\"@id\":\"https:\\\/\\\/ecoledessables.org\\\/#\\\/schema\\\/person\\\/7c26320a6c4bf7eea1bdd5942fc63f7f\"},\"headline\":\"Nos alumnus (les sablistes)\",\"datePublished\":\"2023-05-11T10:09:21+00:00\",\"dateModified\":\"2024-01-12T13:31:36+00:00\",\"mainEntityOfPage\":{\"@id\":\"https:\\\/\\\/ecoledessables.org\\\/nos-alumnus-les-sablistes\\\/\"},\"wordCount\":19,\"commentCount\":0,\"publisher\":{\"@id\":\"https:\\\/\\\/ecoledessables.org\\\/#organization\"},\"image\":{\"@id\":\"https:\\\/\\\/ecoledessables.org\\\/nos-alumnus-les-sablistes\\\/#primaryimage\"},\"thumbnailUrl\":\"https:\\\/\\\/ecoledessables.org\\\/wp-content\\\/uploads\\\/2023\\\/04\\\/12.webp\",\"articleSection\":[\"Uncategorized\"],\"inLanguage\":\"en-GB\",\"potentialAction\":[{\"@type\":\"CommentAction\",\"name\":\"Comment\",\"target\":[\"https:\\\/\\\/ecoledessables.org\\\/nos-alumnus-les-sablistes\\\/#respond\"]}]},{\"@type\":\"WebPage\",\"@id\":\"https:\\\/\\\/ecoledessables.org\\\/nos-alumnus-les-sablistes\\\/\",\"url\":\"https:\\\/\\\/ecoledessables.org\\\/nos-alumnus-les-sablistes\\\/\",\"name\":\"Nos alumnus (les sablistes) - \u00c9cole des Sables\",\"isPartOf\":{\"@id\":\"https:\\\/\\\/ecoledessables.org\\\/#website\"},\"primaryImageOfPage\":{\"@id\":\"https:\\\/\\\/ecoledessables.org\\\/nos-alumnus-les-sablistes\\\/#primaryimage\"},\"image\":{\"@id\":\"https:\\\/\\\/ecoledessables.org\\\/nos-alumnus-les-sablistes\\\/#primaryimage\"},\"thumbnailUrl\":\"https:\\\/\\\/ecoledessables.org\\\/wp-content\\\/uploads\\\/2023\\\/04\\\/12.webp\",\"datePublished\":\"2023-05-11T10:09:21+00:00\",\"dateModified\":\"2024-01-12T13:31:36+00:00\",\"breadcrumb\":{\"@id\":\"https:\\\/\\\/ecoledessables.org\\\/nos-alumnus-les-sablistes\\\/#breadcrumb\"},\"inLanguage\":\"en-GB\",\"potentialAction\":[{\"@type\":\"ReadAction\",\"target\":[\"https:\\\/\\\/ecoledessables.org\\\/nos-alumnus-les-sablistes\\\/\"]}]},{\"@type\":\"ImageObject\",\"inLanguage\":\"en-GB\",\"@id\":\"https:\\\/\\\/ecoledessables.org\\\/nos-alumnus-les-sablistes\\\/#primaryimage\",\"url\":\"https:\\\/\\\/ecoledessables.org\\\/wp-content\\\/uploads\\\/2023\\\/04\\\/12.webp\",\"contentUrl\":\"https:\\\/\\\/ecoledessables.org\\\/wp-content\\\/uploads\\\/2023\\\/04\\\/12.webp\",\"width\":1200,\"height\":801,\"caption\":\"Germaine Acogny\"},{\"@type\":\"BreadcrumbList\",\"@id\":\"https:\\\/\\\/ecoledessables.org\\\/nos-alumnus-les-sablistes\\\/#breadcrumb\",\"itemListElement\":[{\"@type\":\"ListItem\",\"position\":1,\"name\":\"Home\",\"item\":\"https:\\\/\\\/ecoledessables.org\\\/\"},{\"@type\":\"ListItem\",\"position\":2,\"name\":\"Nos alumnus (les sablistes)\"}]},{\"@type\":\"WebSite\",\"@id\":\"https:\\\/\\\/ecoledessables.org\\\/#website\",\"url\":\"https:\\\/\\\/ecoledessables.org\\\/\",\"name\":\"\u00c9cole des Sables\",\"description\":\"Centre International des Danses Africaines Traditionnelles et Contemporaines\",\"publisher\":{\"@id\":\"https:\\\/\\\/ecoledessables.org\\\/#organization\"},\"potentialAction\":[{\"@type\":\"SearchAction\",\"target\":{\"@type\":\"EntryPoint\",\"urlTemplate\":\"https:\\\/\\\/ecoledessables.org\\\/?s={search_term_string}\"},\"query-input\":{\"@type\":\"PropertyValueSpecification\",\"valueRequired\":true,\"valueName\":\"search_term_string\"}}],\"inLanguage\":\"en-GB\"},{\"@type\":\"Organization\",\"@id\":\"https:\\\/\\\/ecoledessables.org\\\/#organization\",\"name\":\"\u00c9cole des Sables\",\"url\":\"https:\\\/\\\/ecoledessables.org\\\/\",\"logo\":{\"@type\":\"ImageObject\",\"inLanguage\":\"en-GB\",\"@id\":\"https:\\\/\\\/ecoledessables.org\\\/#\\\/schema\\\/logo\\\/image\\\/\",\"url\":\"https:\\\/\\\/ecoledessables.org\\\/wp-content\\\/uploads\\\/2026\\\/03\\\/Logo-EDS-B.png\",\"contentUrl\":\"https:\\\/\\\/ecoledessables.org\\\/wp-content\\\/uploads\\\/2026\\\/03\\\/Logo-EDS-B.png\",\"width\":500,\"height\":500,\"caption\":\"\u00c9cole des Sables\"},\"image\":{\"@id\":\"https:\\\/\\\/ecoledessables.org\\\/#\\\/schema\\\/logo\\\/image\\\/\"}},{\"@type\":\"Person\",\"@id\":\"https:\\\/\\\/ecoledessables.org\\\/#\\\/schema\\\/person\\\/7c26320a6c4bf7eea1bdd5942fc63f7f\",\"name\":\"Vifon Du\",\"image\":{\"@type\":\"ImageObject\",\"inLanguage\":\"en-GB\",\"@id\":\"https:\\\/\\\/ecoledessables.org\\\/wp-content\\\/litespeed\\\/avatar\\\/5798d30602469697374f1791f16ea991.jpg?ver=1777501221\",\"url\":\"https:\\\/\\\/ecoledessables.org\\\/wp-content\\\/litespeed\\\/avatar\\\/5798d30602469697374f1791f16ea991.jpg?ver=1777501221\",\"contentUrl\":\"https:\\\/\\\/ecoledessables.org\\\/wp-content\\\/litespeed\\\/avatar\\\/5798d30602469697374f1791f16ea991.jpg?ver=1777501221\",\"caption\":\"Vifon Du\"},\"url\":\"https:\\\/\\\/ecoledessables.org\\\/en\\\/author\\\/vifon_eds\\\/\"}]}<\/script>\n<!-- \/ Yoast SEO plugin. -->","yoast_head_json":{"title":"Nos alumnus (les sablistes) - \u00c9cole des Sables","robots":{"index":"index","follow":"follow","max-snippet":"max-snippet:-1","max-image-preview":"max-image-preview:large","max-video-preview":"max-video-preview:-1"},"canonical":"https:\/\/ecoledessables.org\/en\/nos-alumnus-les-sablistes\/","og_locale":"en_GB","og_type":"article","og_title":"Nos alumnus (les sablistes) - \u00c9cole des Sables","og_description":"Galerie photos Galerie photos Nos alumnus (les sablistes) Compagnie JANT-BI II Compagnie JANT-BI Germaine Acogny","og_url":"https:\/\/ecoledessables.org\/en\/nos-alumnus-les-sablistes\/","og_site_name":"\u00c9cole des Sables","article_published_time":"2023-05-11T10:09:21+00:00","article_modified_time":"2024-01-12T13:31:36+00:00","og_image":[{"width":1200,"height":801,"url":"https:\/\/ecoledessables.org\/wp-content\/uploads\/2023\/04\/12.webp","type":"image\/webp"}],"author":"Vifon Du","twitter_card":"summary_large_image","twitter_misc":{"Written by":"Vifon Du","Estimated reading time":"2 minutes"},"schema":{"@context":"https:\/\/schema.org","@graph":[{"@type":"Article","@id":"https:\/\/ecoledessables.org\/nos-alumnus-les-sablistes\/#article","isPartOf":{"@id":"https:\/\/ecoledessables.org\/nos-alumnus-les-sablistes\/"},"author":{"name":"Vifon Du","@id":"https:\/\/ecoledessables.org\/#\/schema\/person\/7c26320a6c4bf7eea1bdd5942fc63f7f"},"headline":"Nos alumnus (les sablistes)","datePublished":"2023-05-11T10:09:21+00:00","dateModified":"2024-01-12T13:31:36+00:00","mainEntityOfPage":{"@id":"https:\/\/ecoledessables.org\/nos-alumnus-les-sablistes\/"},"wordCount":19,"commentCount":0,"publisher":{"@id":"https:\/\/ecoledessables.org\/#organization"},"image":{"@id":"https:\/\/ecoledessables.org\/nos-alumnus-les-sablistes\/#primaryimage"},"thumbnailUrl":"https:\/\/ecoledessables.org\/wp-content\/uploads\/2023\/04\/12.webp","articleSection":["Uncategorized"],"inLanguage":"en-GB","potentialAction":[{"@type":"CommentAction","name":"Comment","target":["https:\/\/ecoledessables.org\/nos-alumnus-les-sablistes\/#respond"]}]},{"@type":"WebPage","@id":"https:\/\/ecoledessables.org\/nos-alumnus-les-sablistes\/","url":"https:\/\/ecoledessables.org\/nos-alumnus-les-sablistes\/","name":"Nos alumnus (les sablistes) - \u00c9cole des Sables","isPartOf":{"@id":"https:\/\/ecoledessables.org\/#website"},"primaryImageOfPage":{"@id":"https:\/\/ecoledessables.org\/nos-alumnus-les-sablistes\/#primaryimage"},"image":{"@id":"https:\/\/ecoledessables.org\/nos-alumnus-les-sablistes\/#primaryimage"},"thumbnailUrl":"https:\/\/ecoledessables.org\/wp-content\/uploads\/2023\/04\/12.webp","datePublished":"2023-05-11T10:09:21+00:00","dateModified":"2024-01-12T13:31:36+00:00","breadcrumb":{"@id":"https:\/\/ecoledessables.org\/nos-alumnus-les-sablistes\/#breadcrumb"},"inLanguage":"en-GB","potentialAction":[{"@type":"ReadAction","target":["https:\/\/ecoledessables.org\/nos-alumnus-les-sablistes\/"]}]},{"@type":"ImageObject","inLanguage":"en-GB","@id":"https:\/\/ecoledessables.org\/nos-alumnus-les-sablistes\/#primaryimage","url":"https:\/\/ecoledessables.org\/wp-content\/uploads\/2023\/04\/12.webp","contentUrl":"https:\/\/ecoledessables.org\/wp-content\/uploads\/2023\/04\/12.webp","width":1200,"height":801,"caption":"Germaine Acogny"},{"@type":"BreadcrumbList","@id":"https:\/\/ecoledessables.org\/nos-alumnus-les-sablistes\/#breadcrumb","itemListElement":[{"@type":"ListItem","position":1,"name":"Home","item":"https:\/\/ecoledessables.org\/"},{"@type":"ListItem","position":2,"name":"Nos alumnus (les sablistes)"}]},{"@type":"WebSite","@id":"https:\/\/ecoledessables.org\/#website","url":"https:\/\/ecoledessables.org\/","name":"Ecole des Sables","description":"Centre International des Danses Africaines Traditionnelles et Contemporaines","publisher":{"@id":"https:\/\/ecoledessables.org\/#organization"},"potentialAction":[{"@type":"SearchAction","target":{"@type":"EntryPoint","urlTemplate":"https:\/\/ecoledessables.org\/?s={search_term_string}"},"query-input":{"@type":"PropertyValueSpecification","valueRequired":true,"valueName":"search_term_string"}}],"inLanguage":"en-GB"},{"@type":"Organization","@id":"https:\/\/ecoledessables.org\/#organization","name":"Ecole des Sables","url":"https:\/\/ecoledessables.org\/","logo":{"@type":"ImageObject","inLanguage":"en-GB","@id":"https:\/\/ecoledessables.org\/#\/schema\/logo\/image\/","url":"https:\/\/ecoledessables.org\/wp-content\/uploads\/2026\/03\/Logo-EDS-B.png","contentUrl":"https:\/\/ecoledessables.org\/wp-content\/uploads\/2026\/03\/Logo-EDS-B.png","width":500,"height":500,"caption":"\u00c9cole des Sables"},"image":{"@id":"https:\/\/ecoledessables.org\/#\/schema\/logo\/image\/"}},{"@type":"Person","@id":"https:\/\/ecoledessables.org\/#\/schema\/person\/7c26320a6c4bf7eea1bdd5942fc63f7f","name":"Vifon Du","image":{"@type":"ImageObject","inLanguage":"en-GB","@id":"https:\/\/ecoledessables.org\/wp-content\/litespeed\/avatar\/5798d30602469697374f1791f16ea991.jpg?ver=1777501221","url":"https:\/\/ecoledessables.org\/wp-content\/litespeed\/avatar\/5798d30602469697374f1791f16ea991.jpg?ver=1777501221","contentUrl":"https:\/\/ecoledessables.org\/wp-content\/litespeed\/avatar\/5798d30602469697374f1791f16ea991.jpg?ver=1777501221","caption":"Vifon Du"},"url":"https:\/\/ecoledessables.org\/en\/author\/vifon_eds\/"}]}},"_links":{"self":[{"href":"https:\/\/ecoledessables.org\/en\/wp-json\/wp\/v2\/posts\/2377","targetHints":{"allow":["GET"]}}],"collection":[{"href":"https:\/\/ecoledessables.org\/en\/wp-json\/wp\/v2\/posts"}],"about":[{"href":"https:\/\/ecoledessables.org\/en\/wp-json\/wp\/v2\/types\/post"}],"author":[{"embeddable":true,"href":"https:\/\/ecoledessables.org\/en\/wp-json\/wp\/v2\/users\/2"}],"replies":[{"embeddable":true,"href":"https:\/\/ecoledessables.org\/en\/wp-json\/wp\/v2\/comments?post=2377"}],"version-history":[{"count":6,"href":"https:\/\/ecoledessables.org\/en\/wp-json\/wp\/v2\/posts\/2377\/revisions"}],"predecessor-version":[{"id":2711,"href":"https:\/\/ecoledessables.org\/en\/wp-json\/wp\/v2\/posts\/2377\/revisions\/2711"}],"wp:featuredmedia":[{"embeddable":true,"href":"https:\/\/ecoledessables.org\/en\/wp-json\/wp\/v2\/media\/64"}],"wp:attachment":[{"href":"https:\/\/ecoledessables.org\/en\/wp-json\/wp\/v2\/media?parent=2377"}],"wp:term":[{"taxonomy":"category","embeddable":true,"href":"https:\/\/ecoledessables.org\/en\/wp-json\/wp\/v2\/categories?post=2377"},{"taxonomy":"post_tag","embeddable":true,"href":"https:\/\/ecoledessables.org\/en\/wp-json\/wp\/v2\/tags?post=2377"}],"curies":[{"name":"wp","href":"https:\/\/api.w.org\/{rel}","templated":true}]}}