{"id":8798,"date":"2025-12-28T15:28:15","date_gmt":"2025-12-28T15:28:15","guid":{"rendered":"https:\/\/ecoledessables.org\/?p=8798"},"modified":"2026-05-01T13:57:40","modified_gmt":"2026-05-01T13:57:40","slug":"jour-1-29-avril","status":"publish","type":"post","link":"https:\/\/ecoledessables.org\/en\/jour-1-29-avril\/","title":{"rendered":"Jour 1 &#8211; 29 Avril"},"content":{"rendered":"<div data-elementor-type=\"wp-post\" data-elementor-id=\"8798\" class=\"elementor elementor-8798\" data-elementor-post-type=\"post\">\n\t\t\t\t\t\t<section class=\"elementor-section elementor-top-section elementor-element elementor-element-5079236 elementor-section-boxed elementor-section-height-default elementor-section-height-default\" data-id=\"5079236\" data-element_type=\"section\" data-e-type=\"section\" data-settings=\"{&quot;background_background&quot;:&quot;classic&quot;}\">\n\t\t\t\t\t\t<div class=\"elementor-container elementor-column-gap-default\">\n\t\t\t\t\t<div class=\"elementor-column elementor-col-50 elementor-top-column elementor-element elementor-element-a0501d9\" data-id=\"a0501d9\" data-element_type=\"column\" data-e-type=\"column\">\n\t\t\t<div class=\"elementor-widget-wrap elementor-element-populated\">\n\t\t\t\t\t\t<div class=\"elementor-element elementor-element-82dc69d elementor-widget elementor-widget-heading\" data-id=\"82dc69d\" data-element_type=\"widget\" data-e-type=\"widget\" data-widget_type=\"heading.default\">\n\t\t\t\t<div class=\"elementor-widget-container\">\n\t\t\t\t\t<h3 class=\"elementor-heading-title elementor-size-default\">Jour 1 - 29 Avril <\/h3>\t\t\t\t<\/div>\n\t\t\t\t<\/div>\n\t\t\t\t<div class=\"elementor-element elementor-element-8c769c8 elementor-widget elementor-widget-heading\" data-id=\"8c769c8\" data-element_type=\"widget\" data-e-type=\"widget\" data-widget_type=\"heading.default\">\n\t\t\t\t<div class=\"elementor-widget-container\">\n\t\t\t\t\t<p class=\"elementor-heading-title elementor-size-default\">Matin\u00e9e<\/p>\t\t\t\t<\/div>\n\t\t\t\t<\/div>\n\t\t\t\t<div class=\"elementor-element elementor-element-302c257 elementor-widget elementor-widget-text-editor\" data-id=\"302c257\" data-element_type=\"widget\" data-e-type=\"widget\" data-widget_type=\"text-editor.default\">\n\t\t\t\t<div class=\"elementor-widget-container\">\n\t\t\t\t\t\t\t\t\t<p><strong>K\u00ebr Aloopho, EDS<\/strong><br \/><br \/><strong>10h \u2013 13h30 : C\u00e9r\u00e9monie d&rsquo;ouverture de la Biennale de la danse &amp; Journ\u00e9e internationale de la danse<\/strong><\/p><p><em>Cie Kane \u2013 The Dancing Tree (50 min) \/ M\u00e9lan\u00e9sie-Suisse<\/em><\/p><p><em>Danses traditionnelles du S\u00e9n\u00e9gal (30 min) \/ S\u00e9n\u00e9gal<\/em><\/p>\t\t\t\t\t\t\t\t<\/div>\n\t\t\t\t<\/div>\n\t\t\t\t<div class=\"elementor-element elementor-element-94126cc elementor-widget elementor-widget-button\" data-id=\"94126cc\" data-element_type=\"widget\" data-e-type=\"widget\" data-widget_type=\"button.default\">\n\t\t\t\t<div class=\"elementor-widget-container\">\n\t\t\t\t\t\t\t\t\t<div class=\"elementor-button-wrapper\">\n\t\t\t\t\t<a class=\"elementor-button elementor-button-link elementor-size-sm\" href=\"https:\/\/ecoledessables.org\/wp-content\/uploads\/2026\/04\/PROGRAMME-EDS-VF_compressed.pdf\" target=\"_blank\">\n\t\t\t\t\t\t<span class=\"elementor-button-content-wrapper\">\n\t\t\t\t\t\t\t\t\t<span class=\"elementor-button-text\">T\u00e9l\u00e9charger le programme <\/span>\n\t\t\t\t\t<\/span>\n\t\t\t\t\t<\/a>\n\t\t\t\t<\/div>\n\t\t\t\t\t\t\t\t<\/div>\n\t\t\t\t<\/div>\n\t\t\t\t\t<\/div>\n\t\t<\/div>\n\t\t\t\t<div class=\"elementor-column elementor-col-50 elementor-top-column elementor-element elementor-element-5b8a6de\" data-id=\"5b8a6de\" data-element_type=\"column\" data-e-type=\"column\">\n\t\t\t<div class=\"elementor-widget-wrap elementor-element-populated\">\n\t\t\t\t\t\t<div class=\"elementor-element elementor-element-fcf43ee elementor-widget elementor-widget-heading\" data-id=\"fcf43ee\" data-element_type=\"widget\" data-e-type=\"widget\" data-widget_type=\"heading.default\">\n\t\t\t\t<div class=\"elementor-widget-container\">\n\t\t\t\t\t<p class=\"elementor-heading-title elementor-size-default\">Apr\u00e8s-midi<\/p>\t\t\t\t<\/div>\n\t\t\t\t<\/div>\n\t\t\t\t<div class=\"elementor-element elementor-element-097891e elementor-widget elementor-widget-text-editor\" data-id=\"097891e\" data-element_type=\"widget\" data-e-type=\"widget\" data-widget_type=\"text-editor.default\">\n\t\t\t\t<div class=\"elementor-widget-container\">\n\t\t\t\t\t\t\t\t\t<p><strong>Place Mama Monique, EDS<\/strong><\/p><p><strong>15h \u2013 17h : Rencontre de Bienvenue<\/strong><\/p><p><em>(Sur invitation)<\/em><\/p><p>\u00a0<\/p><p><strong>Lyc\u00e9e de Yene<\/strong><\/p><p><strong>16h \u2013 17h30 : Hors les murs<\/strong><\/p><p>D\u00e9monstration &#8211; Animation<\/p><p><strong>Alioune Diagne<\/strong> (Danse contemporaine)<\/p><p>\u00a0<\/p><p><strong>Village de la Biennale, EDS<\/strong><\/p><p><strong>17h \u2013 19h : Journ\u00e9e internationale de la danse<\/strong><\/p><p><em>Teranga S\u00e9n\u00e9gal<\/em><\/p>\t\t\t\t\t\t\t\t<\/div>\n\t\t\t\t<\/div>\n\t\t\t\t<div class=\"elementor-element elementor-element-9cd8997 elementor-widget elementor-widget-heading\" data-id=\"9cd8997\" data-element_type=\"widget\" data-e-type=\"widget\" data-widget_type=\"heading.default\">\n\t\t\t\t<div class=\"elementor-widget-container\">\n\t\t\t\t\t<p class=\"elementor-heading-title elementor-size-default\">Nuit<\/p>\t\t\t\t<\/div>\n\t\t\t\t<\/div>\n\t\t\t\t<div class=\"elementor-element elementor-element-f53a637 elementor-widget elementor-widget-text-editor\" data-id=\"f53a637\" data-element_type=\"widget\" data-e-type=\"widget\" data-widget_type=\"text-editor.default\">\n\t\t\t\t<div class=\"elementor-widget-container\">\n\t\t\t\t\t\t\t\t\t<p><strong>Sc\u00e8ne du Port, EDS<\/strong><\/p><p><strong>20h30 \u2013 22h30 : Repr\u00e9sentations<\/strong><\/p><p><strong>Cie Bi&rsquo;Ndiaye<\/strong> \u2013 Tafaar (20 min) \/ S\u00e9n\u00e9gal<\/p><p><strong>Cie Zora Snake<\/strong> \u2013 Combat des lianes (90 min) \/ Cameroun-Belgique<\/p><p>\u00a0<\/p><p><strong>Village de la Biennale, EDS<\/strong><\/p><p><strong>23h \u2013 1h : After DJs<\/strong><\/p><p><strong>DJ Ibaaku Exstaz<\/strong> \u2013 Animation<\/p><p>\u00a0<\/p><p><strong>Expo permanentes<\/strong><\/p><p><em>Tous les jours de 09h \u00e0 1h<\/em><\/p><p><strong>Peinture<\/strong><\/p><p>Les 7 Piliers de la Danse<\/p><p><em>Lieu : Salle Henriette, EDS<\/em><\/p>\t\t\t\t\t\t\t\t<\/div>\n\t\t\t\t<\/div>\n\t\t\t\t\t<\/div>\n\t\t<\/div>\n\t\t\t\t\t<\/div>\n\t\t<\/section>\n\t\t\t\t<\/div>","protected":false},"excerpt":{"rendered":"<p>Jour 1 &#8211; 29 Avril Matin\u00e9e K\u00ebr Aloopho, EDS 10h \u2013 13h30 : C\u00e9r\u00e9monie d&rsquo;ouverture de la Biennale de la danse &amp; Journ\u00e9e internationale de la danse Cie Kane \u2013 The Dancing Tree (50 min) \/ M\u00e9lan\u00e9sie-Suisse Danses traditionnelles du S\u00e9n\u00e9gal (30 min) \/ S\u00e9n\u00e9gal T\u00e9l\u00e9charger le programme Apr\u00e8s-midi Place Mama Monique, EDS 15h \u2013 [&hellip;]<\/p>\n","protected":false},"author":9,"featured_media":0,"comment_status":"closed","ping_status":"closed","sticky":false,"template":"elementor_canvas","format":"standard","meta":{"_acf_changed":false,"give_campaign_id":0,"footnotes":""},"categories":[50],"tags":[],"class_list":["post-8798","post","type-post","status-publish","format-standard","hentry","category-programme"],"acf":[],"yoast_head":"<!-- This site is optimized with the Yoast SEO plugin v27.5 - https:\/\/yoast.com\/product\/yoast-seo-wordpress\/ -->\n<title>Jour 1 - 29 Avril - \u00c9cole des Sables<\/title>\n<meta name=\"robots\" content=\"index, follow, max-snippet:-1, max-image-preview:large, max-video-preview:-1\" \/>\n<link rel=\"canonical\" href=\"https:\/\/ecoledessables.org\/en\/jour-1-29-avril\/\" \/>\n<meta property=\"og:locale\" content=\"en_GB\" \/>\n<meta property=\"og:type\" content=\"article\" \/>\n<meta property=\"og:title\" content=\"Jour 1 - 29 Avril - \u00c9cole des Sables\" \/>\n<meta property=\"og:description\" content=\"Jour 1 &#8211; 29 Avril Matin\u00e9e K\u00ebr Aloopho, EDS 10h \u2013 13h30 : C\u00e9r\u00e9monie d&rsquo;ouverture de la Biennale de la danse &amp; Journ\u00e9e internationale de la danse Cie Kane \u2013 The Dancing Tree (50 min) \/ M\u00e9lan\u00e9sie-Suisse Danses traditionnelles du S\u00e9n\u00e9gal (30 min) \/ S\u00e9n\u00e9gal T\u00e9l\u00e9charger le programme Apr\u00e8s-midi Place Mama Monique, EDS 15h \u2013 [&hellip;]\" \/>\n<meta property=\"og:url\" content=\"https:\/\/ecoledessables.org\/en\/jour-1-29-avril\/\" \/>\n<meta property=\"og:site_name\" content=\"\u00c9cole des Sables\" \/>\n<meta property=\"article:published_time\" content=\"2025-12-28T15:28:15+00:00\" \/>\n<meta property=\"article:modified_time\" content=\"2026-05-01T13:57:40+00:00\" \/>\n<meta name=\"author\" content=\"Olympe Tchibozo\" \/>\n<meta name=\"twitter:card\" content=\"summary_large_image\" \/>\n<meta name=\"twitter:label1\" content=\"Written by\" \/>\n\t<meta name=\"twitter:data1\" content=\"Olympe Tchibozo\" \/>\n\t<meta name=\"twitter:label2\" content=\"Estimated reading time\" \/>\n\t<meta name=\"twitter:data2\" content=\"1 minute\" \/>\n<script type=\"application\/ld+json\" class=\"yoast-schema-graph\">{\"@context\":\"https:\\\/\\\/schema.org\",\"@graph\":[{\"@type\":\"Article\",\"@id\":\"https:\\\/\\\/ecoledessables.org\\\/jour-1-29-avril\\\/#article\",\"isPartOf\":{\"@id\":\"https:\\\/\\\/ecoledessables.org\\\/jour-1-29-avril\\\/\"},\"author\":{\"name\":\"Olympe Tchibozo\",\"@id\":\"https:\\\/\\\/ecoledessables.org\\\/#\\\/schema\\\/person\\\/533efd2331442624cbfb3738481520bc\"},\"headline\":\"Jour 1 &#8211; 29 Avril\",\"datePublished\":\"2025-12-28T15:28:15+00:00\",\"dateModified\":\"2026-05-01T13:57:40+00:00\",\"mainEntityOfPage\":{\"@id\":\"https:\\\/\\\/ecoledessables.org\\\/jour-1-29-avril\\\/\"},\"wordCount\":160,\"publisher\":{\"@id\":\"https:\\\/\\\/ecoledessables.org\\\/#organization\"},\"articleSection\":[\"Programme\"],\"inLanguage\":\"en-GB\"},{\"@type\":\"WebPage\",\"@id\":\"https:\\\/\\\/ecoledessables.org\\\/jour-1-29-avril\\\/\",\"url\":\"https:\\\/\\\/ecoledessables.org\\\/jour-1-29-avril\\\/\",\"name\":\"Jour 1 - 29 Avril - \u00c9cole des Sables\",\"isPartOf\":{\"@id\":\"https:\\\/\\\/ecoledessables.org\\\/#website\"},\"datePublished\":\"2025-12-28T15:28:15+00:00\",\"dateModified\":\"2026-05-01T13:57:40+00:00\",\"breadcrumb\":{\"@id\":\"https:\\\/\\\/ecoledessables.org\\\/jour-1-29-avril\\\/#breadcrumb\"},\"inLanguage\":\"en-GB\",\"potentialAction\":[{\"@type\":\"ReadAction\",\"target\":[\"https:\\\/\\\/ecoledessables.org\\\/jour-1-29-avril\\\/\"]}]},{\"@type\":\"BreadcrumbList\",\"@id\":\"https:\\\/\\\/ecoledessables.org\\\/jour-1-29-avril\\\/#breadcrumb\",\"itemListElement\":[{\"@type\":\"ListItem\",\"position\":1,\"name\":\"Home\",\"item\":\"https:\\\/\\\/ecoledessables.org\\\/\"},{\"@type\":\"ListItem\",\"position\":2,\"name\":\"Jour 1 &#8211; 29 Avril\"}]},{\"@type\":\"WebSite\",\"@id\":\"https:\\\/\\\/ecoledessables.org\\\/#website\",\"url\":\"https:\\\/\\\/ecoledessables.org\\\/\",\"name\":\"\u00c9cole des Sables\",\"description\":\"Centre International des Danses Africaines Traditionnelles et Contemporaines\",\"publisher\":{\"@id\":\"https:\\\/\\\/ecoledessables.org\\\/#organization\"},\"potentialAction\":[{\"@type\":\"SearchAction\",\"target\":{\"@type\":\"EntryPoint\",\"urlTemplate\":\"https:\\\/\\\/ecoledessables.org\\\/?s={search_term_string}\"},\"query-input\":{\"@type\":\"PropertyValueSpecification\",\"valueRequired\":true,\"valueName\":\"search_term_string\"}}],\"inLanguage\":\"en-GB\"},{\"@type\":\"Organization\",\"@id\":\"https:\\\/\\\/ecoledessables.org\\\/#organization\",\"name\":\"\u00c9cole des Sables\",\"url\":\"https:\\\/\\\/ecoledessables.org\\\/\",\"logo\":{\"@type\":\"ImageObject\",\"inLanguage\":\"en-GB\",\"@id\":\"https:\\\/\\\/ecoledessables.org\\\/#\\\/schema\\\/logo\\\/image\\\/\",\"url\":\"https:\\\/\\\/ecoledessables.org\\\/wp-content\\\/uploads\\\/2026\\\/03\\\/Logo-EDS-B.png\",\"contentUrl\":\"https:\\\/\\\/ecoledessables.org\\\/wp-content\\\/uploads\\\/2026\\\/03\\\/Logo-EDS-B.png\",\"width\":500,\"height\":500,\"caption\":\"\u00c9cole des Sables\"},\"image\":{\"@id\":\"https:\\\/\\\/ecoledessables.org\\\/#\\\/schema\\\/logo\\\/image\\\/\"}},{\"@type\":\"Person\",\"@id\":\"https:\\\/\\\/ecoledessables.org\\\/#\\\/schema\\\/person\\\/533efd2331442624cbfb3738481520bc\",\"name\":\"Olympe Tchibozo\",\"image\":{\"@type\":\"ImageObject\",\"inLanguage\":\"en-GB\",\"@id\":\"https:\\\/\\\/ecoledessables.org\\\/wp-content\\\/litespeed\\\/avatar\\\/a660f552320c56293c67d02e77909900.jpg?ver=1777342611\",\"url\":\"https:\\\/\\\/ecoledessables.org\\\/wp-content\\\/litespeed\\\/avatar\\\/a660f552320c56293c67d02e77909900.jpg?ver=1777342611\",\"contentUrl\":\"https:\\\/\\\/ecoledessables.org\\\/wp-content\\\/litespeed\\\/avatar\\\/a660f552320c56293c67d02e77909900.jpg?ver=1777342611\",\"caption\":\"Olympe Tchibozo\"},\"url\":\"https:\\\/\\\/ecoledessables.org\\\/en\\\/author\\\/grelepupu\\\/\"}]}<\/script>\n<!-- \/ Yoast SEO plugin. -->","yoast_head_json":{"title":"Jour 1 - 29 Avril - \u00c9cole des Sables","robots":{"index":"index","follow":"follow","max-snippet":"max-snippet:-1","max-image-preview":"max-image-preview:large","max-video-preview":"max-video-preview:-1"},"canonical":"https:\/\/ecoledessables.org\/en\/jour-1-29-avril\/","og_locale":"en_GB","og_type":"article","og_title":"Jour 1 - 29 Avril - \u00c9cole des Sables","og_description":"Jour 1 &#8211; 29 Avril Matin\u00e9e K\u00ebr Aloopho, EDS 10h \u2013 13h30 : C\u00e9r\u00e9monie d&rsquo;ouverture de la Biennale de la danse &amp; Journ\u00e9e internationale de la danse Cie Kane \u2013 The Dancing Tree (50 min) \/ M\u00e9lan\u00e9sie-Suisse Danses traditionnelles du S\u00e9n\u00e9gal (30 min) \/ S\u00e9n\u00e9gal T\u00e9l\u00e9charger le programme Apr\u00e8s-midi Place Mama Monique, EDS 15h \u2013 [&hellip;]","og_url":"https:\/\/ecoledessables.org\/en\/jour-1-29-avril\/","og_site_name":"\u00c9cole des Sables","article_published_time":"2025-12-28T15:28:15+00:00","article_modified_time":"2026-05-01T13:57:40+00:00","author":"Olympe Tchibozo","twitter_card":"summary_large_image","twitter_misc":{"Written by":"Olympe Tchibozo","Estimated reading time":"1 minute"},"schema":{"@context":"https:\/\/schema.org","@graph":[{"@type":"Article","@id":"https:\/\/ecoledessables.org\/jour-1-29-avril\/#article","isPartOf":{"@id":"https:\/\/ecoledessables.org\/jour-1-29-avril\/"},"author":{"name":"Olympe Tchibozo","@id":"https:\/\/ecoledessables.org\/#\/schema\/person\/533efd2331442624cbfb3738481520bc"},"headline":"Jour 1 &#8211; 29 Avril","datePublished":"2025-12-28T15:28:15+00:00","dateModified":"2026-05-01T13:57:40+00:00","mainEntityOfPage":{"@id":"https:\/\/ecoledessables.org\/jour-1-29-avril\/"},"wordCount":160,"publisher":{"@id":"https:\/\/ecoledessables.org\/#organization"},"articleSection":["Programme"],"inLanguage":"en-GB"},{"@type":"WebPage","@id":"https:\/\/ecoledessables.org\/jour-1-29-avril\/","url":"https:\/\/ecoledessables.org\/jour-1-29-avril\/","name":"Jour 1 - 29 Avril - \u00c9cole des Sables","isPartOf":{"@id":"https:\/\/ecoledessables.org\/#website"},"datePublished":"2025-12-28T15:28:15+00:00","dateModified":"2026-05-01T13:57:40+00:00","breadcrumb":{"@id":"https:\/\/ecoledessables.org\/jour-1-29-avril\/#breadcrumb"},"inLanguage":"en-GB","potentialAction":[{"@type":"ReadAction","target":["https:\/\/ecoledessables.org\/jour-1-29-avril\/"]}]},{"@type":"BreadcrumbList","@id":"https:\/\/ecoledessables.org\/jour-1-29-avril\/#breadcrumb","itemListElement":[{"@type":"ListItem","position":1,"name":"Home","item":"https:\/\/ecoledessables.org\/"},{"@type":"ListItem","position":2,"name":"Jour 1 &#8211; 29 Avril"}]},{"@type":"WebSite","@id":"https:\/\/ecoledessables.org\/#website","url":"https:\/\/ecoledessables.org\/","name":"Ecole des Sables","description":"Centre International des Danses Africaines Traditionnelles et Contemporaines","publisher":{"@id":"https:\/\/ecoledessables.org\/#organization"},"potentialAction":[{"@type":"SearchAction","target":{"@type":"EntryPoint","urlTemplate":"https:\/\/ecoledessables.org\/?s={search_term_string}"},"query-input":{"@type":"PropertyValueSpecification","valueRequired":true,"valueName":"search_term_string"}}],"inLanguage":"en-GB"},{"@type":"Organization","@id":"https:\/\/ecoledessables.org\/#organization","name":"Ecole des Sables","url":"https:\/\/ecoledessables.org\/","logo":{"@type":"ImageObject","inLanguage":"en-GB","@id":"https:\/\/ecoledessables.org\/#\/schema\/logo\/image\/","url":"https:\/\/ecoledessables.org\/wp-content\/uploads\/2026\/03\/Logo-EDS-B.png","contentUrl":"https:\/\/ecoledessables.org\/wp-content\/uploads\/2026\/03\/Logo-EDS-B.png","width":500,"height":500,"caption":"\u00c9cole des Sables"},"image":{"@id":"https:\/\/ecoledessables.org\/#\/schema\/logo\/image\/"}},{"@type":"Person","@id":"https:\/\/ecoledessables.org\/#\/schema\/person\/533efd2331442624cbfb3738481520bc","name":"Olympe Tchibozo","image":{"@type":"ImageObject","inLanguage":"en-GB","@id":"https:\/\/ecoledessables.org\/wp-content\/litespeed\/avatar\/a660f552320c56293c67d02e77909900.jpg?ver=1777342611","url":"https:\/\/ecoledessables.org\/wp-content\/litespeed\/avatar\/a660f552320c56293c67d02e77909900.jpg?ver=1777342611","contentUrl":"https:\/\/ecoledessables.org\/wp-content\/litespeed\/avatar\/a660f552320c56293c67d02e77909900.jpg?ver=1777342611","caption":"Olympe Tchibozo"},"url":"https:\/\/ecoledessables.org\/en\/author\/grelepupu\/"}]}},"_links":{"self":[{"href":"https:\/\/ecoledessables.org\/en\/wp-json\/wp\/v2\/posts\/8798","targetHints":{"allow":["GET"]}}],"collection":[{"href":"https:\/\/ecoledessables.org\/en\/wp-json\/wp\/v2\/posts"}],"about":[{"href":"https:\/\/ecoledessables.org\/en\/wp-json\/wp\/v2\/types\/post"}],"author":[{"embeddable":true,"href":"https:\/\/ecoledessables.org\/en\/wp-json\/wp\/v2\/users\/9"}],"replies":[{"embeddable":true,"href":"https:\/\/ecoledessables.org\/en\/wp-json\/wp\/v2\/comments?post=8798"}],"version-history":[{"count":19,"href":"https:\/\/ecoledessables.org\/en\/wp-json\/wp\/v2\/posts\/8798\/revisions"}],"predecessor-version":[{"id":9318,"href":"https:\/\/ecoledessables.org\/en\/wp-json\/wp\/v2\/posts\/8798\/revisions\/9318"}],"wp:attachment":[{"href":"https:\/\/ecoledessables.org\/en\/wp-json\/wp\/v2\/media?parent=8798"}],"wp:term":[{"taxonomy":"category","embeddable":true,"href":"https:\/\/ecoledessables.org\/en\/wp-json\/wp\/v2\/categories?post=8798"},{"taxonomy":"post_tag","embeddable":true,"href":"https:\/\/ecoledessables.org\/en\/wp-json\/wp\/v2\/tags?post=8798"}],"curies":[{"name":"wp","href":"https:\/\/api.w.org\/{rel}","templated":true}]}}